{"id":861,"date":"2019-01-21T16:34:53","date_gmt":"2019-01-21T15:34:53","guid":{"rendered":"https:\/\/www.advanta-ch.com\/?p=861"},"modified":"2019-01-21T16:34:53","modified_gmt":"2019-01-21T15:34:53","slug":"entrato-in-vigore-laccordo-sullo-scambio-di-informazioni-in-materia-fiscale-con-il-brasile","status":"publish","type":"post","link":"https:\/\/www.advanta-ch.com\/en\/entrato-in-vigore-laccordo-sullo-scambio-di-informazioni-in-materia-fiscale-con-il-brasile\/","title":{"rendered":"Entrato in vigore l\u2019Accordo sullo scambio di informazioni in materia fiscale con il Brasile"},"content":{"rendered":"<p>L\u2019Accordo tra la Svizzera e il Brasile sullo scambio di informazioni in materia fiscale \u00e8 entrato in vigore il 4 gennaio 2019. Le sue disposizioni si applicheranno dal 1\u00b0 gennaio 2020.<\/p>\n<p>L\u2019Accordo sullo scambio di informazioni in materia fiscale (\u00abTax Information Exchange Agreement\u00bb, TIEA) disciplina lo scambio di informazioni in materia fiscale su domanda. Si tratta del decimo TIEA posto in vigore dalla Svizzera. Le disposizioni dell\u2019Accordo si applicheranno alle domande di informazioni riferite agli anni fiscali che iniziano il 1\u00b0\u00a0gennaio 2020, o dopo tale data.<\/p>\n<p>Entrambi i Paesi intendono rafforzare ulteriormente la cooperazione in materia fiscale con una Convenzione per evitare le doppie imposizioni (CDI). La CDI \u00e8 stata firmata e si trova ora al vaglio del Parlamento.<\/p>\n<p>______________________________________________________________________________________________________<\/p>\n<p><strong>Exchange of information agreement between Brazil and Switzerland enters into force\u00a0 \u00a0\u00a0<\/strong><\/p>\n<p>4 January 2019, Switzerland and Brazil ratified the \u201cTax Information Exchange Agreement (TIEA)\u201d. This agreement authorizes the two countries to exchange information on a specific request coming from the tax authorities of the respective signatories countries.<\/p>\n<p>The Parliaments of the two countries involved already gave the authorization for the signature in 2016 with the scope to delete the Switzerland from the Brazilian black list and give more economic and legal certainty to the investments.<\/p>\n<p>This signature represent also an important step forward for the ratification of the double tax treaty between the two countries that is pending since 2018.<\/p>\n<p>Based on the TIEA, the two countries starting from 2020 will exchange tax information on request.<\/p>\n<p>______________________________________________________________________________________________________<\/p>\n<p><strong>Acordo de troca de informa\u00e7\u00f5es entre Brasil e Su\u00ed\u00e7a entra em vigor<\/strong><\/p>\n<p>Em 04 de janeiro de 2019, Su\u00ed\u00e7a e Brasil ratificaram o Acordo de Troca de Informa\u00e7\u00f5es Fiscais (\u201cTax Information Exchange Agreement \u00a0&#8211; TIEA\u201d). Esse acordo autoriza a troca de informa\u00e7\u00f5es sobre questionamentos espec\u00edficos formulados por autoridades fiscais dos respectivos pa\u00edses signat\u00e1rios.<\/p>\n<p>Os Parlamentos dos dois pa\u00edses envolvidos j\u00e1 autorizaram a assinatura em 2016 com o objetivo de excluir a Su\u00ed\u00e7a da lista negra brasileira e dar mais seguran\u00e7a econ\u00f4mica e legal aos investimentos.<\/p>\n<p>Essa assinatura representa tamb\u00e9m um passo importante para a ratifica\u00e7\u00e3o do tratado de dupla tributa\u00e7\u00e3o que est\u00e1 pendente desde 2018.<\/p>\n<p>Com base no TIEA, os dois pa\u00edses trocar\u00e3o informa\u00e7\u00f5es fiscais mediante solicita\u00e7\u00e3o a partir de 2020.<\/p>\n<p>______________________________________________________________________________________________________<\/p>\n<p>&nbsp;<\/p>\n<p><strong>Confederazione Svizzera \u2013 Comunicati stampa<\/strong><\/p>\n<p><a href=\"https:\/\/www.admin.ch\/gov\/it\/pagina-iniziale\/documentazione\/comunicati-stampa.msg-id-73648.html\" target=\"_blank\" rel=\"noopener\">https:\/\/www.admin.ch\/gov\/it\/pagina-iniziale\/documentazione\/comunicati-stampa.msg-id-73648.html<\/a><\/p>\n","protected":false},"excerpt":{"rendered":"<p>L\u2019Accordo tra la Svizzera e il Brasile sullo scambio di informazioni in materia fiscale \u00e8 entrato in vigore il 4 gennaio 2019. Le sue disposizioni si applicheranno dal 1\u00b0 gennaio 2020. L\u2019Accordo sullo scambio di informazioni in materia fiscale (\u00abTax Information Exchange Agreement\u00bb, TIEA) disciplina lo scambio di informazioni in materia fiscale su domanda. Si [&hellip;]<\/p>\n","protected":false},"author":5,"featured_media":0,"comment_status":"closed","ping_status":"open","sticky":false,"template":"","format":"standard","meta":{"footnotes":""},"categories":[3],"tags":[27,4,26,25],"yoast_head":"<!-- This site is optimized with the Yoast SEO plugin v21.8 - https:\/\/yoast.com\/wordpress\/plugins\/seo\/ -->\n<title>Entrato in vigore l\u2019Accordo sullo scambio di informazioni in materia fiscale con il Brasile - Advanta<\/title>\n<meta name=\"robots\" content=\"index, follow, max-snippet:-1, max-image-preview:large, max-video-preview:-1\" \/>\n<link rel=\"canonical\" href=\"https:\/\/www.advanta-ch.com\/entrato-in-vigore-laccordo-sullo-scambio-di-informazioni-in-materia-fiscale-con-il-brasile\/\" \/>\n<meta property=\"og:locale\" content=\"en_US\" \/>\n<meta property=\"og:type\" content=\"article\" \/>\n<meta property=\"og:title\" content=\"Entrato in vigore l\u2019Accordo sullo scambio di informazioni in materia fiscale con il Brasile - Advanta\" \/>\n<meta property=\"og:description\" content=\"L\u2019Accordo tra la Svizzera e il Brasile sullo scambio di informazioni in materia fiscale \u00e8 entrato in vigore il 4 gennaio 2019. Le sue disposizioni si applicheranno dal 1\u00b0 gennaio 2020. L\u2019Accordo sullo scambio di informazioni in materia fiscale (\u00abTax Information Exchange Agreement\u00bb, TIEA) disciplina lo scambio di informazioni in materia fiscale su domanda. Si [&hellip;]\" \/>\n<meta property=\"og:url\" content=\"https:\/\/www.advanta-ch.com\/entrato-in-vigore-laccordo-sullo-scambio-di-informazioni-in-materia-fiscale-con-il-brasile\/\" \/>\n<meta property=\"og:site_name\" content=\"Advanta\" \/>\n<meta property=\"article:published_time\" content=\"2019-01-21T15:34:53+00:00\" \/>\n<meta name=\"author\" content=\"Nadia Barrera\" \/>\n<meta name=\"twitter:card\" content=\"summary_large_image\" \/>\n<meta name=\"twitter:label1\" content=\"Written by\" \/>\n\t<meta name=\"twitter:data1\" content=\"Nadia Barrera\" \/>\n\t<meta name=\"twitter:label2\" content=\"Est. reading time\" \/>\n\t<meta name=\"twitter:data2\" content=\"2 minutes\" \/>\n<script type=\"application\/ld+json\" class=\"yoast-schema-graph\">{\"@context\":\"https:\/\/schema.org\",\"@graph\":[{\"@type\":\"Article\",\"@id\":\"https:\/\/www.advanta-ch.com\/entrato-in-vigore-laccordo-sullo-scambio-di-informazioni-in-materia-fiscale-con-il-brasile\/#article\",\"isPartOf\":{\"@id\":\"https:\/\/www.advanta-ch.com\/entrato-in-vigore-laccordo-sullo-scambio-di-informazioni-in-materia-fiscale-con-il-brasile\/\"},\"author\":{\"name\":\"Nadia Barrera\",\"@id\":\"https:\/\/www.advanta-ch.com\/#\/schema\/person\/de86f0c60d82bfc061df245ad996968c\"},\"headline\":\"Entrato in vigore l\u2019Accordo sullo scambio di informazioni in materia fiscale con il Brasile\",\"datePublished\":\"2019-01-21T15:34:53+00:00\",\"dateModified\":\"2019-01-21T15:34:53+00:00\",\"mainEntityOfPage\":{\"@id\":\"https:\/\/www.advanta-ch.com\/entrato-in-vigore-laccordo-sullo-scambio-di-informazioni-in-materia-fiscale-con-il-brasile\/\"},\"wordCount\":402,\"publisher\":{\"@id\":\"https:\/\/www.advanta-ch.com\/#organization\"},\"keywords\":[\"Accordo\",\"Brasile\",\"Scambio di informazioni\",\"Svizzera\"],\"articleSection\":[\"Fisco\"],\"inLanguage\":\"en-US\"},{\"@type\":\"WebPage\",\"@id\":\"https:\/\/www.advanta-ch.com\/entrato-in-vigore-laccordo-sullo-scambio-di-informazioni-in-materia-fiscale-con-il-brasile\/\",\"url\":\"https:\/\/www.advanta-ch.com\/entrato-in-vigore-laccordo-sullo-scambio-di-informazioni-in-materia-fiscale-con-il-brasile\/\",\"name\":\"Entrato in vigore l\u2019Accordo sullo scambio di informazioni in materia fiscale con il Brasile - Advanta\",\"isPartOf\":{\"@id\":\"https:\/\/www.advanta-ch.com\/#website\"},\"datePublished\":\"2019-01-21T15:34:53+00:00\",\"dateModified\":\"2019-01-21T15:34:53+00:00\",\"breadcrumb\":{\"@id\":\"https:\/\/www.advanta-ch.com\/entrato-in-vigore-laccordo-sullo-scambio-di-informazioni-in-materia-fiscale-con-il-brasile\/#breadcrumb\"},\"inLanguage\":\"en-US\",\"potentialAction\":[{\"@type\":\"ReadAction\",\"target\":[\"https:\/\/www.advanta-ch.com\/entrato-in-vigore-laccordo-sullo-scambio-di-informazioni-in-materia-fiscale-con-il-brasile\/\"]}]},{\"@type\":\"BreadcrumbList\",\"@id\":\"https:\/\/www.advanta-ch.com\/entrato-in-vigore-laccordo-sullo-scambio-di-informazioni-in-materia-fiscale-con-il-brasile\/#breadcrumb\",\"itemListElement\":[{\"@type\":\"ListItem\",\"position\":1,\"name\":\"Home\",\"item\":\"https:\/\/www.advanta-ch.com\/en\/\"},{\"@type\":\"ListItem\",\"position\":2,\"name\":\"Entrato in vigore l\u2019Accordo sullo scambio di informazioni in materia fiscale con il Brasile\"}]},{\"@type\":\"WebSite\",\"@id\":\"https:\/\/www.advanta-ch.com\/#website\",\"url\":\"https:\/\/www.advanta-ch.com\/\",\"name\":\"Advanta\",\"description\":\"studio di commercialisti\",\"publisher\":{\"@id\":\"https:\/\/www.advanta-ch.com\/#organization\"},\"potentialAction\":[{\"@type\":\"SearchAction\",\"target\":{\"@type\":\"EntryPoint\",\"urlTemplate\":\"https:\/\/www.advanta-ch.com\/?s={search_term_string}\"},\"query-input\":\"required name=search_term_string\"}],\"inLanguage\":\"en-US\"},{\"@type\":\"Organization\",\"@id\":\"https:\/\/www.advanta-ch.com\/#organization\",\"name\":\"AdvantA\",\"url\":\"https:\/\/www.advanta-ch.com\/\",\"logo\":{\"@type\":\"ImageObject\",\"inLanguage\":\"en-US\",\"@id\":\"https:\/\/www.advanta-ch.com\/#\/schema\/logo\/image\/\",\"url\":\"https:\/\/www.advanta-ch.com\/wp-content\/uploads\/2015\/11\/ADVANTA2_400.png\",\"contentUrl\":\"https:\/\/www.advanta-ch.com\/wp-content\/uploads\/2015\/11\/ADVANTA2_400.png\",\"width\":400,\"height\":331,\"caption\":\"AdvantA\"},\"image\":{\"@id\":\"https:\/\/www.advanta-ch.com\/#\/schema\/logo\/image\/\"}},{\"@type\":\"Person\",\"@id\":\"https:\/\/www.advanta-ch.com\/#\/schema\/person\/de86f0c60d82bfc061df245ad996968c\",\"name\":\"Nadia Barrera\",\"image\":{\"@type\":\"ImageObject\",\"inLanguage\":\"en-US\",\"@id\":\"https:\/\/www.advanta-ch.com\/#\/schema\/person\/image\/\",\"url\":\"https:\/\/secure.gravatar.com\/avatar\/b9f732371bce47841ed1b3f9c5b9be00?s=96&d=mm&r=g\",\"contentUrl\":\"https:\/\/secure.gravatar.com\/avatar\/b9f732371bce47841ed1b3f9c5b9be00?s=96&d=mm&r=g\",\"caption\":\"Nadia Barrera\"},\"url\":\"https:\/\/www.advanta-ch.com\/en\/author\/nadia-barrera\/\"}]}<\/script>\n<!-- \/ Yoast SEO plugin. -->","yoast_head_json":{"title":"Entrato in vigore l\u2019Accordo sullo scambio di informazioni in materia fiscale con il Brasile - Advanta","robots":{"index":"index","follow":"follow","max-snippet":"max-snippet:-1","max-image-preview":"max-image-preview:large","max-video-preview":"max-video-preview:-1"},"canonical":"https:\/\/www.advanta-ch.com\/entrato-in-vigore-laccordo-sullo-scambio-di-informazioni-in-materia-fiscale-con-il-brasile\/","og_locale":"en_US","og_type":"article","og_title":"Entrato in vigore l\u2019Accordo sullo scambio di informazioni in materia fiscale con il Brasile - Advanta","og_description":"L\u2019Accordo tra la Svizzera e il Brasile sullo scambio di informazioni in materia fiscale \u00e8 entrato in vigore il 4 gennaio 2019. Le sue disposizioni si applicheranno dal 1\u00b0 gennaio 2020. L\u2019Accordo sullo scambio di informazioni in materia fiscale (\u00abTax Information Exchange Agreement\u00bb, TIEA) disciplina lo scambio di informazioni in materia fiscale su domanda. Si [&hellip;]","og_url":"https:\/\/www.advanta-ch.com\/entrato-in-vigore-laccordo-sullo-scambio-di-informazioni-in-materia-fiscale-con-il-brasile\/","og_site_name":"Advanta","article_published_time":"2019-01-21T15:34:53+00:00","author":"Nadia Barrera","twitter_card":"summary_large_image","twitter_misc":{"Written by":"Nadia Barrera","Est. reading time":"2 minutes"},"schema":{"@context":"https:\/\/schema.org","@graph":[{"@type":"Article","@id":"https:\/\/www.advanta-ch.com\/entrato-in-vigore-laccordo-sullo-scambio-di-informazioni-in-materia-fiscale-con-il-brasile\/#article","isPartOf":{"@id":"https:\/\/www.advanta-ch.com\/entrato-in-vigore-laccordo-sullo-scambio-di-informazioni-in-materia-fiscale-con-il-brasile\/"},"author":{"name":"Nadia Barrera","@id":"https:\/\/www.advanta-ch.com\/#\/schema\/person\/de86f0c60d82bfc061df245ad996968c"},"headline":"Entrato in vigore l\u2019Accordo sullo scambio di informazioni in materia fiscale con il Brasile","datePublished":"2019-01-21T15:34:53+00:00","dateModified":"2019-01-21T15:34:53+00:00","mainEntityOfPage":{"@id":"https:\/\/www.advanta-ch.com\/entrato-in-vigore-laccordo-sullo-scambio-di-informazioni-in-materia-fiscale-con-il-brasile\/"},"wordCount":402,"publisher":{"@id":"https:\/\/www.advanta-ch.com\/#organization"},"keywords":["Accordo","Brasile","Scambio di informazioni","Svizzera"],"articleSection":["Fisco"],"inLanguage":"en-US"},{"@type":"WebPage","@id":"https:\/\/www.advanta-ch.com\/entrato-in-vigore-laccordo-sullo-scambio-di-informazioni-in-materia-fiscale-con-il-brasile\/","url":"https:\/\/www.advanta-ch.com\/entrato-in-vigore-laccordo-sullo-scambio-di-informazioni-in-materia-fiscale-con-il-brasile\/","name":"Entrato in vigore l\u2019Accordo sullo scambio di informazioni in materia fiscale con il Brasile - Advanta","isPartOf":{"@id":"https:\/\/www.advanta-ch.com\/#website"},"datePublished":"2019-01-21T15:34:53+00:00","dateModified":"2019-01-21T15:34:53+00:00","breadcrumb":{"@id":"https:\/\/www.advanta-ch.com\/entrato-in-vigore-laccordo-sullo-scambio-di-informazioni-in-materia-fiscale-con-il-brasile\/#breadcrumb"},"inLanguage":"en-US","potentialAction":[{"@type":"ReadAction","target":["https:\/\/www.advanta-ch.com\/entrato-in-vigore-laccordo-sullo-scambio-di-informazioni-in-materia-fiscale-con-il-brasile\/"]}]},{"@type":"BreadcrumbList","@id":"https:\/\/www.advanta-ch.com\/entrato-in-vigore-laccordo-sullo-scambio-di-informazioni-in-materia-fiscale-con-il-brasile\/#breadcrumb","itemListElement":[{"@type":"ListItem","position":1,"name":"Home","item":"https:\/\/www.advanta-ch.com\/en\/"},{"@type":"ListItem","position":2,"name":"Entrato in vigore l\u2019Accordo sullo scambio di informazioni in materia fiscale con il Brasile"}]},{"@type":"WebSite","@id":"https:\/\/www.advanta-ch.com\/#website","url":"https:\/\/www.advanta-ch.com\/","name":"Advanta","description":"studio di commercialisti","publisher":{"@id":"https:\/\/www.advanta-ch.com\/#organization"},"potentialAction":[{"@type":"SearchAction","target":{"@type":"EntryPoint","urlTemplate":"https:\/\/www.advanta-ch.com\/?s={search_term_string}"},"query-input":"required name=search_term_string"}],"inLanguage":"en-US"},{"@type":"Organization","@id":"https:\/\/www.advanta-ch.com\/#organization","name":"AdvantA","url":"https:\/\/www.advanta-ch.com\/","logo":{"@type":"ImageObject","inLanguage":"en-US","@id":"https:\/\/www.advanta-ch.com\/#\/schema\/logo\/image\/","url":"https:\/\/www.advanta-ch.com\/wp-content\/uploads\/2015\/11\/ADVANTA2_400.png","contentUrl":"https:\/\/www.advanta-ch.com\/wp-content\/uploads\/2015\/11\/ADVANTA2_400.png","width":400,"height":331,"caption":"AdvantA"},"image":{"@id":"https:\/\/www.advanta-ch.com\/#\/schema\/logo\/image\/"}},{"@type":"Person","@id":"https:\/\/www.advanta-ch.com\/#\/schema\/person\/de86f0c60d82bfc061df245ad996968c","name":"Nadia Barrera","image":{"@type":"ImageObject","inLanguage":"en-US","@id":"https:\/\/www.advanta-ch.com\/#\/schema\/person\/image\/","url":"https:\/\/secure.gravatar.com\/avatar\/b9f732371bce47841ed1b3f9c5b9be00?s=96&d=mm&r=g","contentUrl":"https:\/\/secure.gravatar.com\/avatar\/b9f732371bce47841ed1b3f9c5b9be00?s=96&d=mm&r=g","caption":"Nadia Barrera"},"url":"https:\/\/www.advanta-ch.com\/en\/author\/nadia-barrera\/"}]}},"_links":{"self":[{"href":"https:\/\/www.advanta-ch.com\/en\/wp-json\/wp\/v2\/posts\/861"}],"collection":[{"href":"https:\/\/www.advanta-ch.com\/en\/wp-json\/wp\/v2\/posts"}],"about":[{"href":"https:\/\/www.advanta-ch.com\/en\/wp-json\/wp\/v2\/types\/post"}],"author":[{"embeddable":true,"href":"https:\/\/www.advanta-ch.com\/en\/wp-json\/wp\/v2\/users\/5"}],"replies":[{"embeddable":true,"href":"https:\/\/www.advanta-ch.com\/en\/wp-json\/wp\/v2\/comments?post=861"}],"version-history":[{"count":2,"href":"https:\/\/www.advanta-ch.com\/en\/wp-json\/wp\/v2\/posts\/861\/revisions"}],"predecessor-version":[{"id":863,"href":"https:\/\/www.advanta-ch.com\/en\/wp-json\/wp\/v2\/posts\/861\/revisions\/863"}],"wp:attachment":[{"href":"https:\/\/www.advanta-ch.com\/en\/wp-json\/wp\/v2\/media?parent=861"}],"wp:term":[{"taxonomy":"category","embeddable":true,"href":"https:\/\/www.advanta-ch.com\/en\/wp-json\/wp\/v2\/categories?post=861"},{"taxonomy":"post_tag","embeddable":true,"href":"https:\/\/www.advanta-ch.com\/en\/wp-json\/wp\/v2\/tags?post=861"}],"curies":[{"name":"wp","href":"https:\/\/api.w.org\/{rel}","templated":true}]}}